{"id":3102,"date":"2017-06-19T06:43:53","date_gmt":"2017-06-19T05:43:53","guid":{"rendered":"http:\/\/www.odysseemotion.com\/web\/?p=3102"},"modified":"2024-05-29T17:51:02","modified_gmt":"2024-05-29T16:51:02","slug":"nulla-porttitor-accumsan-tincidunt","status":"publish","type":"post","link":"https:\/\/www.odysseemotion.com\/web\/evenement\/nulla-porttitor-accumsan-tincidunt\/","title":{"rendered":"\u00ab\u00a0Une Journ\u00e9e pour Etre Soi\u00a0\u00bb"},"content":{"rendered":"<div class=\"flex_column av_one_full  flex_column_div av-zero-column-padding first  avia-builder-el-0  el_before_av_one_half  avia-builder-el-first  \" style='border-radius:0px; '><div  class='avia-buttonrow-wrap avia-buttonrow-center   avia-builder-el-1  avia-builder-el-no-sibling '><\/div><\/div>\n<div class=\"flex_column av_one_half  flex_column_div av-zero-column-padding first  avia-builder-el-2  el_after_av_one_full  el_before_av_one_half  column-top-margin\" style='border-radius:0px; '><section class=\"av_textblock_section \"  itemscope=\"itemscope\" itemtype=\"https:\/\/schema.org\/BlogPosting\" itemprop=\"blogPost\" ><div class='avia_textblock  '   itemprop=\"text\" ><h3><span style=\"color: #94704b;\"><strong>Pourquoi cette journ\u00e9e ?<\/strong><\/span><\/h3>\n<p>Mettre \u00e0 la disposition de chacun une exp\u00e9rience \u00e9motionnelle lib\u00e9ratrice, que vous soyez exp\u00e9riment\u00e9 ou d\u00e9butant.<br \/>\nD\u00e9couvrir la Valeur Ajout\u00e9 Unique des training, fruit de 20 ans d\u2019exp\u00e9rience.<\/p>\n<h3><span style=\"color: #94704b;\"><strong>Pourquoi y participer \u00a0?<\/strong><\/span><\/h3>\n<p>Apprendre \u00e0 vivre vos \u00e9motions au quotidien, \u00a0comme prendre la parole, donner votre consentement, prendre une d\u00e9cision, d\u2019\u00e9couter une personne en difficult\u00e9, exprimer votre point de vue \u2026<\/p>\n<\/div><\/section><\/div><div class=\"flex_column av_one_half  flex_column_div av-zero-column-padding   avia-builder-el-4  el_after_av_one_half  el_before_av_hr  column-top-margin\" style='border-radius:0px; '><div  class='avia-image-container  av-styling- av-hover-grow   avia-builder-el-5  avia-builder-el-no-sibling  avia-align-center '  itemprop=\"image\" itemscope=\"itemscope\" itemtype=\"https:\/\/schema.org\/ImageObject\"  ><div class='avia-image-container-inner'><div class='avia-image-overlay-wrap'><img class='avia_image' src='https:\/\/www.odysseemotion.com\/web\/wp-content\/uploads\/2017\/06\/Flyer-JDIE-1p-300x300.png' alt='' title='Flyer JDIE 1p' height=\"300\" width=\"300\"  itemprop=\"thumbnailUrl\"  \/><\/div><\/div><\/div><\/div><\/p>\n<div   class='hr hr-default   avia-builder-el-6  el_after_av_one_half  el_before_av_one_half '><span class='hr-inner ' ><span class='hr-inner-style'><\/span><\/span><\/div>\n<div class=\"flex_column av_one_half  flex_column_div av-zero-column-padding first  avia-builder-el-7  el_after_av_hr  el_before_av_one_half  \" style='border-radius:0px; '><section class=\"av_textblock_section \"  itemscope=\"itemscope\" itemtype=\"https:\/\/schema.org\/BlogPosting\" itemprop=\"blogPost\" ><div class='avia_textblock  '   itemprop=\"text\" ><h3><span style=\"color: #94704b;\"><strong>Comment \u00e7a se passe ?<\/strong><\/span><\/h3>\n<p>Chacun pose son intention pour la journ\u00e9e<br \/>\nUn pratique verbale permet d\u2019entrer progressivement dans le training<br \/>\nUne pratique corporelle pour retrouver son \u00e9nergie vitale<br \/>\nUne pratique de lib\u00e9ration \u00e9motionnelle en lien avec l\u2019intention<br \/>\nD\u00e9briefing au fil de la journ\u00e9e<\/p>\n<h3><span style=\"color: #94704b;\"><strong>Qui y participe\u00a0?<\/strong><\/span><\/h3>\n<p>Personnes qui souhaitent d\u00e9couvrir ou approfondir une difficult\u00e9 \u00e9motionnelle<br \/>\nProfessionnels qui souhaitent utiliser leur intelligence \u00e9motionnelle dans leur pratique<\/p>\n<h3><span style=\"color: #94704b;\"><strong>Qui intervient ?<\/strong><\/span><\/h3>\n<p>Gilles CORCOS, Fondateur de l\u2019\u00c9cole Syst\u00e9mique de l\u2019Intelligence \u00c9motionnelle<br \/>\nAuteur\u00a0d&rsquo;ouvrages dont \u00a0\u00ab\u00a0Comment cultiver son Intelligence \u00e9motionnelle\u00a0\u00bb chez Larousse<\/p>\n<h3><span style=\"color: #94704b;\"><strong>Quelle p\u00e9dagogie ?<\/strong><\/span><\/h3>\n<p>Apports th\u00e9oriques minimum<br \/>\nPratiques\u00a0(entrainements, jeux de r\u00f4le, expression corporelle)<br \/>\n\u00c9tudes de cas<br \/>\nD\u00e9monstrations et d\u00e9briefing<\/p>\n<h3><\/h3>\n<h3><\/h3>\n<\/div><\/section><\/div>\n<div class=\"flex_column av_one_half  flex_column_div av-zero-column-padding   avia-builder-el-9  el_after_av_one_half  el_before_av_hr  \" style='border-radius:0px; '><section class=\"av_textblock_section \"  itemscope=\"itemscope\" itemtype=\"https:\/\/schema.org\/BlogPosting\" itemprop=\"blogPost\" ><div class='avia_textblock  '   itemprop=\"text\" ><p style=\"text-align: right;\"><em>\u00ab\u00a0Il faut \u00eatre soi-m\u00eame pour pouvoir aimer.\u00a0\u00bb<\/em><\/p>\n<div>\n<p style=\"text-align: right;\"><em>Marc Levy<\/em><\/p>\n<\/div>\n<div><\/div>\n<div>\n<div align=\"left\">\n<h3><span style=\"color: #94704b;\">D\u00e9couvrez le chemin vers vous-m\u00eame de mani\u00e8re spontan\u00e9e !<\/span><\/h3>\n<p>Rejoignez-nous pour une journ\u00e9e d\u00e9di\u00e9e \u00e0 la lib\u00e9ration de vos \u00e9motions comme ressource pour \u00eatre spontan\u00e9ment vous-m\u00eame. Au cours de cette journ\u00e9e, nous r\u00e9pondrons \u00e0 la question cruciale : que signifie \u00eatre soi-m\u00eame, \u00eatre \u00e0 l&rsquo;initiative de sa vie, \u00eatre spontan\u00e9ment soi-m\u00eame ?<\/p>\n<p>Lib\u00e9rez votre impulsion naturelle, votre mouvement spontan\u00e9, sans vous laisser freiner ou entraver par les blocages du conformisme, de la r\u00e9flexion, de la volont\u00e9.<\/p>\n<p>Soyez \u00e0 l&rsquo;initiative de votre propre processus de transformation. Ensemble, nous d\u00e9voilerons les trois secrets li\u00e9s aux sensations, aux \u00e9motions et \u00e0 l&rsquo;instant pr\u00e9sent.<\/p>\n<h3><span style=\"color: #94704b;\">Profitez de notre tarif early bird !<\/span><\/h3>\n<p>Inscrivez-vous avant le 14 juin pour b\u00e9n\u00e9ficier du tarif r\u00e9duit de 120\u20ac au lieu de 170\u20ac.<\/p>\n<p>Ne manquez pas cette opportunit\u00e9 unique de vous reconnecter \u00e0 vous-m\u00eame et de d\u00e9couvrir les cl\u00e9s de l&rsquo;intelligence \u00e9motionnelle.<\/p>\n<p>Nous vous attendons avec impatience pour cette exp\u00e9rience enrichissante et transformatrice !<\/p>\n<\/div>\n<\/div>\n<\/div><\/section><\/div><div   class='hr hr-default   avia-builder-el-11  el_after_av_one_half  el_before_av_one_full '><span class='hr-inner ' ><span class='hr-inner-style'><\/span><\/span><\/div><\/p>\n<div class=\"flex_column av_one_full  flex_column_div av-zero-column-padding first  avia-builder-el-12  el_after_av_hr  avia-builder-el-last  \" style='border-radius:0px; '><div  class='avia-buttonrow-wrap avia-buttonrow-center   avia-builder-el-13  avia-builder-el-no-sibling '>\n<a href='https:\/\/my.weezevent.com\/une-journee-pour-etre-soi?_gl=1*1gh6sf9*_gcl_au*MTM2MDI1MTA4OC4xNzEyMDU4MTI0*_ga*MzM3NTg5OTU4LjE3MTIwNTgxMjU.*_ga_39H9VBFX7G*MTcxNzAwMDQ1MC4zNy4xLjE3MTcwMDA0NjIuNDguMC4w'  class='avia-button  avia-icon_select-yes-left-icon avia-color-orange avia-size-medium '  style='margin-bottom:30px; margin-left:15px; margin-right:15px; ' ><span class='avia_button_icon avia_button_icon_left ' aria-hidden='true' data-av_icon='\ue841' data-av_iconfont='entypo-fontello'><\/span><span class='avia_iconbox_title' >Inscription \u00e0 PARIS<\/span><\/a>\n<\/div><\/div>\n","protected":false},"excerpt":{"rendered":"<p>Apprendre \u00e0 utiliser vos \u00e9motions au quotidien, \u00e0 partir d\u2019une posture d\u2019\u00e9coute bienveillante, comme par exemple au moment de prendre la parole, de donner votre consentement, de prendre une d\u00e9cision en conscience, d\u2019\u00e9couter une personne en difficult\u00e9 \u2026<\/p>\n","protected":false},"author":1,"featured_media":12069,"comment_status":"open","ping_status":"open","sticky":false,"template":"","format":"standard","meta":[],"categories":[1],"tags":[64,56,63,61],"_links":{"self":[{"href":"https:\/\/www.odysseemotion.com\/web\/wp-json\/wp\/v2\/posts\/3102"}],"collection":[{"href":"https:\/\/www.odysseemotion.com\/web\/wp-json\/wp\/v2\/posts"}],"about":[{"href":"https:\/\/www.odysseemotion.com\/web\/wp-json\/wp\/v2\/types\/post"}],"author":[{"embeddable":true,"href":"https:\/\/www.odysseemotion.com\/web\/wp-json\/wp\/v2\/users\/1"}],"replies":[{"embeddable":true,"href":"https:\/\/www.odysseemotion.com\/web\/wp-json\/wp\/v2\/comments?post=3102"}],"version-history":[{"count":68,"href":"https:\/\/www.odysseemotion.com\/web\/wp-json\/wp\/v2\/posts\/3102\/revisions"}],"predecessor-version":[{"id":3876,"href":"https:\/\/www.odysseemotion.com\/web\/wp-json\/wp\/v2\/posts\/3102\/revisions\/3876"}],"wp:featuredmedia":[{"embeddable":true,"href":"https:\/\/www.odysseemotion.com\/web\/wp-json\/wp\/v2\/media\/12069"}],"wp:attachment":[{"href":"https:\/\/www.odysseemotion.com\/web\/wp-json\/wp\/v2\/media?parent=3102"}],"wp:term":[{"taxonomy":"category","embeddable":true,"href":"https:\/\/www.odysseemotion.com\/web\/wp-json\/wp\/v2\/categories?post=3102"},{"taxonomy":"post_tag","embeddable":true,"href":"https:\/\/www.odysseemotion.com\/web\/wp-json\/wp\/v2\/tags?post=3102"}],"curies":[{"name":"wp","href":"https:\/\/api.w.org\/{rel}","templated":true}]}}